{"id":23007,"date":"2021-10-07T15:09:04","date_gmt":"2021-10-07T15:09:04","guid":{"rendered":"https:\/\/www.firestorm.ch\/?p=23007"},"modified":"2021-10-07T15:09:04","modified_gmt":"2021-10-07T15:09:04","slug":"nuovo-tirocinante-benvenuto","status":"publish","type":"post","link":"https:\/\/www.firestorm.ch\/it\/news\/nuovo-tirocinante-benvenuto\/","title":{"rendered":"Nuovo tirocinante &#8211; Benvenuto"},"content":{"rendered":"<p>Da agosto 2021, Dilara Ajeti ha iniziato il suo stage come imprenditrice con noi. Siamo molto contenti di avere Dilara nel nostro team e speriamo che Dilara faccia domanda per un apprendistato come imprenditrice EFZ con noi dopo lo stage. Vorremmo presentare Dilara e abbiamo quindi condotto una breve intervista con lei.<\/p>\n<p>&nbsp;<\/p>\n<p><strong>Dilara, parlaci un po&#8217; di te:\u00a0<\/strong><\/p>\n<p>Il mio nome \u00e8 Dilara Ajeti, insieme alla mia famiglia vivo a Siebnen SZ. Ho due fratelli, un fratellino e una sorellina. Nel mio tempo libero, mi piace passare il tempo con la mia famiglia e gli amici. Di tanto in tanto, mi piace anche andare in bicicletta. Ho completato con successo i miei 9 anni di scuola obbligatoria a Sek 1 marzo a Siebnen SZ.<\/p>\n<p>&nbsp;<\/p>\n<p><strong>Come ha deciso di diventare un&#8217;imprenditrice?<\/strong><\/p>\n<p>Durante gli anni di scuola, io e i miei compagni di scuola abbiamo analizzato diverse professioni. L&#8217;apprendistato commerciale mi piaceva di pi\u00f9 ed \u00e8 per questo che ho scelto la professione commerciale.<\/p>\n<p>&nbsp;<\/p>\n<p><strong>Come ti trovi a Firestorm?<\/strong><\/p>\n<p>Nell&#8217;agosto 2021, ho appena iniziato il mio stage come imprenditrice alla FireStorm ISP GmbH e sono molto felice di poter completare il mio stage alla FireStorm. In seguito, spero di ottenere un apprendistato alla FireStorm. Oltre al mio stage, frequento il corso di bridge a Pf\u00e4ffikon SZ ogni gioved\u00ec.<\/p>\n<p>&nbsp;<\/p>\n<p><img decoding=\"async\" class=\" wp-image-22970 aligncenter\" src=\"https:\/\/www.firestorm.ch\/wp-content\/uploads\/2021\/10\/Dilara-scaled.jpg\" alt=\"\" width=\"540\" height=\"409\" srcset=\"https:\/\/www.firestorm.ch\/wp-content\/uploads\/2021\/10\/Dilara-scaled.jpg 2560w, https:\/\/www.firestorm.ch\/wp-content\/uploads\/2021\/10\/Dilara-300x227.jpg 300w, https:\/\/www.firestorm.ch\/wp-content\/uploads\/2021\/10\/Dilara-1024x776.jpg 1024w, https:\/\/www.firestorm.ch\/wp-content\/uploads\/2021\/10\/Dilara-768x582.jpg 768w, https:\/\/www.firestorm.ch\/wp-content\/uploads\/2021\/10\/Dilara-1536x1164.jpg 1536w, https:\/\/www.firestorm.ch\/wp-content\/uploads\/2021\/10\/Dilara-2048x1552.jpg 2048w\" sizes=\"(max-width: 540px) 100vw, 540px\" \/><\/p>\n<p>&nbsp;<\/p>\n<p>&nbsp;<\/p>\n<p><strong>Cosa ti piace di pi\u00f9 di Firestorm?<\/strong><\/p>\n<p>Mi piace la variet\u00e0 nella routine quotidiana di FireStorm. Ci sono giorni in cui sei pi\u00f9 coinvolto con i clienti e poi ci sono giorni in cui sei pi\u00f9 coinvolto con i numeri e i progetti interni. Questo \u00e8 quello che mi \u00e8 sempre piaciuto di un apprendistato commerciale e durante il mio apprendistato di prova alla FireStorm ho potuto confermare che la routine quotidiana sar\u00e0 varia. Mi piace molto avere una settimana lavorativa varia.<\/p>\n<p>&nbsp;<\/p>\n<p><strong>Perch\u00e9 avete scelto FireStorm?\u00a0<\/strong><\/p>\n<p>Durante l&#8217;apprendistato di prova alla FireStorm, ho potuto vedere come lo staff della FireStorm crea siti web e aiuta i clienti a impostare i loro account di posta elettronica. Sono stato molto ispirato dal fatto che ci sono cos\u00ec tanti siti web e design di siti web diversi. Quando ho iniziato lo stage qui, mi \u00e8 stato anche permesso di creare direttamente il mio sito web. Mi \u00e8 piaciuto molto e mi sono divertito molto.<\/p>\n<p>&nbsp;<\/p>\n<p><strong>E cosa le piace di pi\u00f9 dei suoi colleghi di Firestorm?<\/strong><\/p>\n<p>Mi piace particolarmente il lavoro di squadra e la cordialit\u00e0 del personale, che a sua volta mi fa sentire molto confortevole e sicuro.<\/p>\n<p><strong><br \/>\nCosa vi aspettate da Firestorm?<br \/>\n<\/strong><\/p>\n<p>Mi aspetto soprattutto di imparare il pi\u00f9 possibile dall&#8217;azienda, di vedere molto e di fare nuove esperienze eccellenti. Questo \u00e8 quello che non vedo l&#8217;ora di fare quest&#8217;anno.<\/p>\n<p><em>Grazie Dilara per l&#8217;intervista.\u00a0\u00a0<\/em><\/p>\n<p>&nbsp;<\/p>\n<p style=\"text-align: left;\">Auguriamo a Dilara molto successo durante il suo stage con noi e speriamo che possa imparare molto e portarlo con s\u00e9 per il futuro.<\/p>\n<p>&nbsp;<\/p>\n<p>&nbsp;<\/p>\n<p>&nbsp;<\/p>\n","protected":false},"excerpt":{"rendered":"<p>Da agosto 2021, Dilara Ajeti ha iniziato il suo stage come imprenditrice con noi. Siamo molto contenti di avere Dilara nel nostro team e speriamo che Dilara faccia domanda per un apprendistato come imprenditrice EFZ con noi dopo lo stage. Vorremmo presentare Dilara e abbiamo quindi condotto una breve intervista con lei. &nbsp; Dilara, parlaci [&hellip;]<\/p>\n","protected":false},"author":1,"featured_media":22756,"comment_status":"closed","ping_status":"closed","sticky":false,"template":"","format":"standard","meta":{"_relevanssi_hide_post":"","_relevanssi_pin_for_all":"","_relevanssi_pin_keywords":"","_relevanssi_unpin_keywords":"","_relevanssi_related_keywords":"","_relevanssi_related_include_ids":"","_relevanssi_related_exclude_ids":"","_relevanssi_related_no_append":"","_relevanssi_related_not_related":"","_relevanssi_related_posts":"","_relevanssi_noindex_reason":"","footnotes":""},"categories":[7414],"tags":[],"class_list":["post-23007","post","type-post","status-publish","format-standard","has-post-thumbnail","hentry","category-blog-it"],"yoast_head":"<!-- This site is optimized with the Yoast SEO Premium plugin v27.1 (Yoast SEO v27.5) - https:\/\/yoast.com\/product\/yoast-seo-premium-wordpress\/ -->\n<title>Nuovo tirocinante - Benvenuto - FireStorm ISP<\/title>\n<meta name=\"description\" content=\"Da agosto 2021, Dilara Ajeti ha iniziato il suo stage come imprenditrice con noi.\" \/>\n<meta name=\"robots\" content=\"index, follow, max-snippet:-1, max-image-preview:large, max-video-preview:-1\" \/>\n<link rel=\"canonical\" href=\"https:\/\/www.firestorm.ch\/it\/news\/nuovo-tirocinante-benvenuto\/\" \/>\n<meta property=\"og:locale\" content=\"it_IT\" \/>\n<meta property=\"og:type\" content=\"article\" \/>\n<meta property=\"og:title\" content=\"Nuovo tirocinante - Benvenuto\" \/>\n<meta property=\"og:description\" content=\"Da agosto 2021, Dilara Ajeti ha iniziato il suo stage come imprenditrice con noi.\" \/>\n<meta property=\"og:url\" content=\"https:\/\/www.firestorm.ch\/it\/news\/nuovo-tirocinante-benvenuto\/\" \/>\n<meta property=\"og:site_name\" content=\"FireStorm ISP\" \/>\n<meta property=\"article:publisher\" content=\"https:\/\/www.facebook.com\/firestorm.ch\/\" \/>\n<meta property=\"article:published_time\" content=\"2021-10-07T15:09:04+00:00\" \/>\n<meta property=\"og:image\" content=\"https:\/\/www.firestorm.ch\/wp-content\/uploads\/2021\/09\/Welcome-Dilara.jpg\" \/>\n\t<meta property=\"og:image:width\" content=\"1920\" \/>\n\t<meta property=\"og:image:height\" content=\"1280\" \/>\n\t<meta property=\"og:image:type\" content=\"image\/jpeg\" \/>\n<meta name=\"author\" content=\"FireStorm\" \/>\n<meta name=\"twitter:card\" content=\"summary_large_image\" \/>\n<meta name=\"twitter:label1\" content=\"Written by\" \/>\n\t<meta name=\"twitter:data1\" content=\"FireStorm\" \/>\n\t<meta name=\"twitter:label2\" content=\"Est. reading time\" \/>\n\t<meta name=\"twitter:data2\" content=\"2 minutes\" \/>\n<script type=\"application\/ld+json\" class=\"yoast-schema-graph\">{\"@context\":\"https:\\\/\\\/schema.org\",\"@graph\":[{\"@type\":\"Article\",\"@id\":\"https:\\\/\\\/www.firestorm.ch\\\/it\\\/news\\\/nuovo-tirocinante-benvenuto\\\/#article\",\"isPartOf\":{\"@id\":\"https:\\\/\\\/www.firestorm.ch\\\/it\\\/news\\\/nuovo-tirocinante-benvenuto\\\/\"},\"author\":{\"name\":\"FireStorm\",\"@id\":\"https:\\\/\\\/www.firestorm.ch\\\/#\\\/schema\\\/person\\\/a839a8c7b2b298446e46dbfc490fe49e\"},\"headline\":\"Nuovo tirocinante &#8211; Benvenuto\",\"datePublished\":\"2021-10-07T15:09:04+00:00\",\"mainEntityOfPage\":{\"@id\":\"https:\\\/\\\/www.firestorm.ch\\\/it\\\/news\\\/nuovo-tirocinante-benvenuto\\\/\"},\"wordCount\":486,\"publisher\":{\"@id\":\"https:\\\/\\\/www.firestorm.ch\\\/#organization\"},\"image\":{\"@id\":\"https:\\\/\\\/www.firestorm.ch\\\/it\\\/news\\\/nuovo-tirocinante-benvenuto\\\/#primaryimage\"},\"thumbnailUrl\":\"https:\\\/\\\/www.firestorm.ch\\\/wp-content\\\/uploads\\\/2021\\\/09\\\/Welcome-Dilara.jpg\",\"articleSection\":[\"Blog\"],\"inLanguage\":\"it-CH\"},{\"@type\":\"WebPage\",\"@id\":\"https:\\\/\\\/www.firestorm.ch\\\/it\\\/news\\\/nuovo-tirocinante-benvenuto\\\/\",\"url\":\"https:\\\/\\\/www.firestorm.ch\\\/it\\\/news\\\/nuovo-tirocinante-benvenuto\\\/\",\"name\":\"Nuovo tirocinante - Benvenuto - FireStorm ISP\",\"isPartOf\":{\"@id\":\"https:\\\/\\\/www.firestorm.ch\\\/#website\"},\"primaryImageOfPage\":{\"@id\":\"https:\\\/\\\/www.firestorm.ch\\\/it\\\/news\\\/nuovo-tirocinante-benvenuto\\\/#primaryimage\"},\"image\":{\"@id\":\"https:\\\/\\\/www.firestorm.ch\\\/it\\\/news\\\/nuovo-tirocinante-benvenuto\\\/#primaryimage\"},\"thumbnailUrl\":\"https:\\\/\\\/www.firestorm.ch\\\/wp-content\\\/uploads\\\/2021\\\/09\\\/Welcome-Dilara.jpg\",\"datePublished\":\"2021-10-07T15:09:04+00:00\",\"description\":\"Da agosto 2021, Dilara Ajeti ha iniziato il suo stage come imprenditrice con noi.\",\"breadcrumb\":{\"@id\":\"https:\\\/\\\/www.firestorm.ch\\\/it\\\/news\\\/nuovo-tirocinante-benvenuto\\\/#breadcrumb\"},\"inLanguage\":\"it-CH\",\"potentialAction\":[{\"@type\":\"ReadAction\",\"target\":[\"https:\\\/\\\/www.firestorm.ch\\\/it\\\/news\\\/nuovo-tirocinante-benvenuto\\\/\"]}]},{\"@type\":\"ImageObject\",\"inLanguage\":\"it-CH\",\"@id\":\"https:\\\/\\\/www.firestorm.ch\\\/it\\\/news\\\/nuovo-tirocinante-benvenuto\\\/#primaryimage\",\"url\":\"https:\\\/\\\/www.firestorm.ch\\\/wp-content\\\/uploads\\\/2021\\\/09\\\/Welcome-Dilara.jpg\",\"contentUrl\":\"https:\\\/\\\/www.firestorm.ch\\\/wp-content\\\/uploads\\\/2021\\\/09\\\/Welcome-Dilara.jpg\",\"width\":1920,\"height\":1280},{\"@type\":\"BreadcrumbList\",\"@id\":\"https:\\\/\\\/www.firestorm.ch\\\/it\\\/news\\\/nuovo-tirocinante-benvenuto\\\/#breadcrumb\",\"itemListElement\":[{\"@type\":\"ListItem\",\"position\":1,\"name\":\"Startseite\",\"item\":\"https:\\\/\\\/www.firestorm.ch\\\/it\\\/\"},{\"@type\":\"ListItem\",\"position\":2,\"name\":\"Nuovo tirocinante &#8211; Benvenuto\"}]},{\"@type\":\"WebSite\",\"@id\":\"https:\\\/\\\/www.firestorm.ch\\\/#website\",\"url\":\"https:\\\/\\\/www.firestorm.ch\\\/\",\"name\":\"FireStorm\",\"description\":\"Webhosting, Domainnamen, Server, Mailserver und Hosting mit Homepagebaukasten und Free SSL Zertifikat\",\"publisher\":{\"@id\":\"https:\\\/\\\/www.firestorm.ch\\\/#organization\"},\"potentialAction\":[{\"@type\":\"SearchAction\",\"target\":{\"@type\":\"EntryPoint\",\"urlTemplate\":\"https:\\\/\\\/www.firestorm.ch\\\/?s={search_term_string}\"},\"query-input\":{\"@type\":\"PropertyValueSpecification\",\"valueRequired\":true,\"valueName\":\"search_term_string\"}}],\"inLanguage\":\"it-CH\"},{\"@type\":\"Organization\",\"@id\":\"https:\\\/\\\/www.firestorm.ch\\\/#organization\",\"name\":\"FireStorm\",\"url\":\"https:\\\/\\\/www.firestorm.ch\\\/\",\"logo\":{\"@type\":\"ImageObject\",\"inLanguage\":\"it-CH\",\"@id\":\"https:\\\/\\\/www.firestorm.ch\\\/#\\\/schema\\\/logo\\\/image\\\/\",\"url\":\"https:\\\/\\\/www.firestorm.ch\\\/wp-content\\\/uploads\\\/2026\\\/03\\\/FireStormLogo.png\",\"contentUrl\":\"https:\\\/\\\/www.firestorm.ch\\\/wp-content\\\/uploads\\\/2026\\\/03\\\/FireStormLogo.png\",\"width\":589,\"height\":60,\"caption\":\"FireStorm\"},\"image\":{\"@id\":\"https:\\\/\\\/www.firestorm.ch\\\/#\\\/schema\\\/logo\\\/image\\\/\"},\"sameAs\":[\"https:\\\/\\\/www.facebook.com\\\/firestorm.ch\\\/\"]},{\"@type\":\"Person\",\"@id\":\"https:\\\/\\\/www.firestorm.ch\\\/#\\\/schema\\\/person\\\/a839a8c7b2b298446e46dbfc490fe49e\",\"name\":\"FireStorm\",\"url\":\"https:\\\/\\\/www.firestorm.ch\\\/it\\\/news\\\/author\\\/webkoenig\\\/\"}]}<\/script>\n<!-- \/ Yoast SEO Premium plugin. -->","yoast_head_json":{"title":"Nuovo tirocinante - Benvenuto - FireStorm ISP","description":"Da agosto 2021, Dilara Ajeti ha iniziato il suo stage come imprenditrice con noi.","robots":{"index":"index","follow":"follow","max-snippet":"max-snippet:-1","max-image-preview":"max-image-preview:large","max-video-preview":"max-video-preview:-1"},"canonical":"https:\/\/www.firestorm.ch\/it\/news\/nuovo-tirocinante-benvenuto\/","og_locale":"it_IT","og_type":"article","og_title":"Nuovo tirocinante - Benvenuto","og_description":"Da agosto 2021, Dilara Ajeti ha iniziato il suo stage come imprenditrice con noi.","og_url":"https:\/\/www.firestorm.ch\/it\/news\/nuovo-tirocinante-benvenuto\/","og_site_name":"FireStorm ISP","article_publisher":"https:\/\/www.facebook.com\/firestorm.ch\/","article_published_time":"2021-10-07T15:09:04+00:00","og_image":[{"width":1920,"height":1280,"url":"https:\/\/www.firestorm.ch\/wp-content\/uploads\/2021\/09\/Welcome-Dilara.jpg","type":"image\/jpeg"}],"author":"FireStorm","twitter_card":"summary_large_image","twitter_misc":{"Written by":"FireStorm","Est. reading time":"2 minutes"},"schema":{"@context":"https:\/\/schema.org","@graph":[{"@type":"Article","@id":"https:\/\/www.firestorm.ch\/it\/news\/nuovo-tirocinante-benvenuto\/#article","isPartOf":{"@id":"https:\/\/www.firestorm.ch\/it\/news\/nuovo-tirocinante-benvenuto\/"},"author":{"name":"FireStorm","@id":"https:\/\/www.firestorm.ch\/#\/schema\/person\/a839a8c7b2b298446e46dbfc490fe49e"},"headline":"Nuovo tirocinante &#8211; Benvenuto","datePublished":"2021-10-07T15:09:04+00:00","mainEntityOfPage":{"@id":"https:\/\/www.firestorm.ch\/it\/news\/nuovo-tirocinante-benvenuto\/"},"wordCount":486,"publisher":{"@id":"https:\/\/www.firestorm.ch\/#organization"},"image":{"@id":"https:\/\/www.firestorm.ch\/it\/news\/nuovo-tirocinante-benvenuto\/#primaryimage"},"thumbnailUrl":"https:\/\/www.firestorm.ch\/wp-content\/uploads\/2021\/09\/Welcome-Dilara.jpg","articleSection":["Blog"],"inLanguage":"it-CH"},{"@type":"WebPage","@id":"https:\/\/www.firestorm.ch\/it\/news\/nuovo-tirocinante-benvenuto\/","url":"https:\/\/www.firestorm.ch\/it\/news\/nuovo-tirocinante-benvenuto\/","name":"Nuovo tirocinante - Benvenuto - FireStorm ISP","isPartOf":{"@id":"https:\/\/www.firestorm.ch\/#website"},"primaryImageOfPage":{"@id":"https:\/\/www.firestorm.ch\/it\/news\/nuovo-tirocinante-benvenuto\/#primaryimage"},"image":{"@id":"https:\/\/www.firestorm.ch\/it\/news\/nuovo-tirocinante-benvenuto\/#primaryimage"},"thumbnailUrl":"https:\/\/www.firestorm.ch\/wp-content\/uploads\/2021\/09\/Welcome-Dilara.jpg","datePublished":"2021-10-07T15:09:04+00:00","description":"Da agosto 2021, Dilara Ajeti ha iniziato il suo stage come imprenditrice con noi.","breadcrumb":{"@id":"https:\/\/www.firestorm.ch\/it\/news\/nuovo-tirocinante-benvenuto\/#breadcrumb"},"inLanguage":"it-CH","potentialAction":[{"@type":"ReadAction","target":["https:\/\/www.firestorm.ch\/it\/news\/nuovo-tirocinante-benvenuto\/"]}]},{"@type":"ImageObject","inLanguage":"it-CH","@id":"https:\/\/www.firestorm.ch\/it\/news\/nuovo-tirocinante-benvenuto\/#primaryimage","url":"https:\/\/www.firestorm.ch\/wp-content\/uploads\/2021\/09\/Welcome-Dilara.jpg","contentUrl":"https:\/\/www.firestorm.ch\/wp-content\/uploads\/2021\/09\/Welcome-Dilara.jpg","width":1920,"height":1280},{"@type":"BreadcrumbList","@id":"https:\/\/www.firestorm.ch\/it\/news\/nuovo-tirocinante-benvenuto\/#breadcrumb","itemListElement":[{"@type":"ListItem","position":1,"name":"Startseite","item":"https:\/\/www.firestorm.ch\/it\/"},{"@type":"ListItem","position":2,"name":"Nuovo tirocinante &#8211; Benvenuto"}]},{"@type":"WebSite","@id":"https:\/\/www.firestorm.ch\/#website","url":"https:\/\/www.firestorm.ch\/","name":"FireStorm","description":"Webhosting, Domainnamen, Server, Mailserver und Hosting mit Homepagebaukasten und Free SSL Zertifikat","publisher":{"@id":"https:\/\/www.firestorm.ch\/#organization"},"potentialAction":[{"@type":"SearchAction","target":{"@type":"EntryPoint","urlTemplate":"https:\/\/www.firestorm.ch\/?s={search_term_string}"},"query-input":{"@type":"PropertyValueSpecification","valueRequired":true,"valueName":"search_term_string"}}],"inLanguage":"it-CH"},{"@type":"Organization","@id":"https:\/\/www.firestorm.ch\/#organization","name":"FireStorm","url":"https:\/\/www.firestorm.ch\/","logo":{"@type":"ImageObject","inLanguage":"it-CH","@id":"https:\/\/www.firestorm.ch\/#\/schema\/logo\/image\/","url":"https:\/\/www.firestorm.ch\/wp-content\/uploads\/2026\/03\/FireStormLogo.png","contentUrl":"https:\/\/www.firestorm.ch\/wp-content\/uploads\/2026\/03\/FireStormLogo.png","width":589,"height":60,"caption":"FireStorm"},"image":{"@id":"https:\/\/www.firestorm.ch\/#\/schema\/logo\/image\/"},"sameAs":["https:\/\/www.facebook.com\/firestorm.ch\/"]},{"@type":"Person","@id":"https:\/\/www.firestorm.ch\/#\/schema\/person\/a839a8c7b2b298446e46dbfc490fe49e","name":"FireStorm","url":"https:\/\/www.firestorm.ch\/it\/news\/author\/webkoenig\/"}]}},"rttpg_featured_image_url":{"full":["https:\/\/www.firestorm.ch\/wp-content\/uploads\/2021\/09\/Welcome-Dilara.jpg",1920,1280,false],"landscape":["https:\/\/www.firestorm.ch\/wp-content\/uploads\/2021\/09\/Welcome-Dilara.jpg",1920,1280,false],"portraits":["https:\/\/www.firestorm.ch\/wp-content\/uploads\/2021\/09\/Welcome-Dilara.jpg",1920,1280,false],"thumbnail":["https:\/\/www.firestorm.ch\/wp-content\/uploads\/2021\/09\/Welcome-Dilara-150x150.jpg",150,150,true],"medium":["https:\/\/www.firestorm.ch\/wp-content\/uploads\/2021\/09\/Welcome-Dilara-300x200.jpg",300,200,true],"large":["https:\/\/www.firestorm.ch\/wp-content\/uploads\/2021\/09\/Welcome-Dilara-1024x683.jpg",1024,683,true],"1536x1536":["https:\/\/www.firestorm.ch\/wp-content\/uploads\/2021\/09\/Welcome-Dilara-1536x1024.jpg",1536,1024,true],"2048x2048":["https:\/\/www.firestorm.ch\/wp-content\/uploads\/2021\/09\/Welcome-Dilara.jpg",1920,1280,false]},"rttpg_author":{"display_name":"FireStorm","author_link":"https:\/\/www.firestorm.ch\/it\/news\/author\/webkoenig\/"},"rttpg_comment":0,"rttpg_category":"<a href=\"https:\/\/www.firestorm.ch\/it\/news\/category\/blog-it\/\" rel=\"category tag\">Blog<\/a>","rttpg_excerpt":"Da agosto 2021, Dilara Ajeti ha iniziato il suo stage come imprenditrice con noi. Siamo molto contenti di avere Dilara nel nostro team e speriamo che Dilara faccia domanda per un apprendistato come imprenditrice EFZ con noi dopo lo stage. Vorremmo presentare Dilara e abbiamo quindi condotto una breve intervista con lei. &nbsp; Dilara, parlaci&hellip;","_links":{"self":[{"href":"https:\/\/www.firestorm.ch\/it\/wp-json\/wp\/v2\/posts\/23007","targetHints":{"allow":["GET"]}}],"collection":[{"href":"https:\/\/www.firestorm.ch\/it\/wp-json\/wp\/v2\/posts"}],"about":[{"href":"https:\/\/www.firestorm.ch\/it\/wp-json\/wp\/v2\/types\/post"}],"author":[{"embeddable":true,"href":"https:\/\/www.firestorm.ch\/it\/wp-json\/wp\/v2\/users\/1"}],"replies":[{"embeddable":true,"href":"https:\/\/www.firestorm.ch\/it\/wp-json\/wp\/v2\/comments?post=23007"}],"version-history":[{"count":0,"href":"https:\/\/www.firestorm.ch\/it\/wp-json\/wp\/v2\/posts\/23007\/revisions"}],"wp:featuredmedia":[{"embeddable":true,"href":"https:\/\/www.firestorm.ch\/it\/wp-json\/wp\/v2\/media\/22756"}],"wp:attachment":[{"href":"https:\/\/www.firestorm.ch\/it\/wp-json\/wp\/v2\/media?parent=23007"}],"wp:term":[{"taxonomy":"category","embeddable":true,"href":"https:\/\/www.firestorm.ch\/it\/wp-json\/wp\/v2\/categories?post=23007"},{"taxonomy":"post_tag","embeddable":true,"href":"https:\/\/www.firestorm.ch\/it\/wp-json\/wp\/v2\/tags?post=23007"}],"curies":[{"name":"wp","href":"https:\/\/api.w.org\/{rel}","templated":true}]}}